
























{"id":168,"count":1,"description":"","link":"https:\/\/blog.forumagel.com\/?tag=sosyal-medya-yonetim-araclari","name":"sosyal medya y\u00f6netim ara\u00e7lar\u0131","slug":"sosyal-medya-yonetim-araclari","taxonomy":"post_tag","meta":[],"_links":{"self":[{"href":"https:\/\/blog.forumagel.com\/index.php?rest_route=\/wp\/v2\/tags\/168","targetHints":{"allow":["GET"]}}],"collection":[{"href":"https:\/\/blog.forumagel.com\/index.php?rest_route=\/wp\/v2\/tags"}],"about":[{"href":"https:\/\/blog.forumagel.com\/index.php?rest_route=\/wp\/v2\/taxonomies\/post_tag"}],"wp:post_type":[{"href":"https:\/\/blog.forumagel.com\/index.php?rest_route=%2Fwp%2Fv2%2Fposts&tags=168"}],"curies":[{"name":"wp","href":"https:\/\/api.w.org\/{rel}","templated":true}]}}